{"id":843,"date":"2026-04-16T12:29:52","date_gmt":"2026-04-16T10:29:52","guid":{"rendered":"https:\/\/fp.domingocaceres.es\/?p=843"},"modified":"2026-04-16T12:29:53","modified_gmt":"2026-04-16T10:29:53","slug":"dia-del-centro-en-el-aula-ateca-una-jornada-para-aprender-crear-y-disfrutar","status":"publish","type":"post","link":"https:\/\/fp.domingocaceres.es\/index.php\/2026\/04\/16\/dia-del-centro-en-el-aula-ateca-una-jornada-para-aprender-crear-y-disfrutar\/","title":{"rendered":"D\u00eda del Centro en el aula ATECA: Una jornada para aprender, crear y disfrutar"},"content":{"rendered":"\n[et_pb_section fb_built=\u00bb1&#8243; _builder_version=\u00bb4.27.6&#8243; _module_preset=\u00bbdefault\u00bb custom_padding=\u00bb||0px|||\u00bb global_colors_info=\u00bb{}\u00bb][et_pb_row _builder_version=\u00bb4.27.6&#8243; _module_preset=\u00bbdefault\u00bb global_colors_info=\u00bb{}\u00bb][et_pb_column type=\u00bb4_4&#8243; _builder_version=\u00bb4.27.6&#8243; _module_preset=\u00bbdefault\u00bb global_colors_info=\u00bb{}\u00bb][et_pb_text _builder_version=\u00bb4.27.6&#8243; _module_preset=\u00bbdefault\u00bb global_colors_info=\u00bb{}\u00bb]<p><em><strong>Por Departamento de la Familia Profesional de Comercio y Marketing.<\/strong><\/em><\/p>\n<p><em><\/em><\/p>\n<p style=\"text-align: justify;\"><span style=\"font-weight: 400;\">El pasado 26 de marzo celebramos en nuestro Centro educativo una de las jornadas m\u00e1s esperadas del curso: el <\/span><b>D\u00eda del Centro<\/b><span style=\"font-weight: 400;\">. Como cada a\u00f1o, desde el Departamento de Comercio y Marketing, se organizaron diversas actividades de dinamizaci\u00f3n en el <\/span><b>Aula ATECA<\/b><span style=\"font-weight: 400;\">, con un objetivo claro y fundamental: <\/span><b>dar a conocer nuestra familia profesional y nuestros ciclos formativos de una manera pr\u00e1ctica, atractiva y experiencial<\/b><span style=\"font-weight: 400;\">.<\/span><\/p>\n<p style=\"text-align: justify;\"><span style=\"font-weight: 400;\">Estas actividades est\u00e1n dise\u00f1adas para que el alumnado participante no solo disfrute de la jornada, sino que tambi\u00e9n pueda acercarse de forma real a las competencias, habilidades y metodolog\u00edas propias de la Formaci\u00f3n Profesional en el \u00e1mbito del Comercio y el Marketing. Se trata, en definitiva, de una estrategia de orientaci\u00f3n activa que permite mostrar \u201cen vivo\u201d qu\u00e9 se aprende y c\u00f3mo se trabaja en nuestros ciclos.<\/span><\/p>\n<p style=\"text-align: justify;\">[\/et_pb_text][\/et_pb_column][\/et_pb_row][et_pb_row _builder_version=\u00bb4.27.6&#8243; _module_preset=\u00bbdefault\u00bb global_colors_info=\u00bb{}\u00bb][et_pb_column type=\u00bb4_4&#8243; _builder_version=\u00bb4.27.6&#8243; _module_preset=\u00bbdefault\u00bb global_colors_info=\u00bb{}\u00bb][et_pb_gallery gallery_ids=\u00bb851,850,854,855,856,857,858,859,860,861,862&#8243; _builder_version=\u00bb4.27.6&#8243; _module_preset=\u00bbdefault\u00bb min_height=\u00bb228.5px\u00bb global_colors_info=\u00bb{}\u00bb custom_padding=\u00bb||0px|||\u00bb][\/et_pb_gallery][\/et_pb_column][\/et_pb_row][et_pb_row _builder_version=\u00bb4.27.6&#8243; _module_preset=\u00bbdefault\u00bb][et_pb_column _builder_version=\u00bb4.27.6&#8243; _module_preset=\u00bbdefault\u00bb type=\u00bb4_4&#8243;][et_pb_text _builder_version=\u00bb4.27.6&#8243; _module_preset=\u00bbdefault\u00bb hover_enabled=\u00bb0&#8243; sticky_enabled=\u00bb0&#8243; custom_margin=\u00bb-113px|||||\u00bb]<h3><b>Actividades realizadas en el Aula ATECA<\/b><\/h3>\n<p style=\"text-align: justify;\"><span style=\"font-weight: 400;\">Durante la jornada se llevaron a cabo diferentes talleres y din\u00e1micas, pensadas para fomentar la creatividad, el trabajo en equipo y el inter\u00e9s por los contenidos profesionales del ciclo:<\/span><\/p>\n<ul style=\"text-align: justify;\">\n<li style=\"font-weight: 400;\" aria-level=\"1\"><b>Taller de chapas personalizadas<\/b><span style=\"font-weight: 400;\">, donde los alumnos dise\u00f1aron y elaboraron sus propios modelos.<\/span><\/li>\n<li style=\"font-weight: 400;\" aria-level=\"1\"><b>Creaci\u00f3n de objetos con impresora 3D<\/b><span style=\"font-weight: 400;\">, acercando al alumnado a la innovaci\u00f3n tecnol\u00f3gica aplicada al marketing y al dise\u00f1o de producto.<\/span><\/li>\n<li style=\"font-weight: 400;\" aria-level=\"1\"><b>Elaboraci\u00f3n de llaveros personalizados con la grabadora-cortadora l\u00e1ser<\/b><span style=\"font-weight: 400;\">, como ejemplo de producto promocional.<\/span><\/li>\n<li style=\"font-weight: 400;\" aria-level=\"1\"><b>Juego del \u201cPasapalabra\u201d<\/b><span style=\"font-weight: 400;\">, adaptado a contenidos de cultura general y marketing.<\/span><\/li>\n<li style=\"font-weight: 400;\" aria-level=\"1\"><b>\u201cAdivina el logo\u201d<\/b><span style=\"font-weight: 400;\">, una actividad centrada en el reconocimiento de marcas y su identidad visual.<\/span><\/li>\n<li style=\"font-weight: 400;\" aria-level=\"1\"><b>Marshmallow Challenge<\/b><span style=\"font-weight: 400;\">, din\u00e1mica de trabajo en equipo orientada a la planificaci\u00f3n, la creatividad y la resoluci\u00f3n de problemas.<\/span><\/li>\n<\/ul>\n<p style=\"text-align: justify;\"><b>\u201cAdivina y completa la frase de cine\u201d<\/b><span style=\"font-weight: 400;\">, fomentando la participaci\u00f3n y la comunicaci\u00f3n.<\/span><\/p>[\/et_pb_text][\/et_pb_column][\/et_pb_row][et_pb_row _builder_version=\u00bb4.27.6&#8243; _module_preset=\u00bbdefault\u00bb][et_pb_column _builder_version=\u00bb4.27.6&#8243; _module_preset=\u00bbdefault\u00bb type=\u00bb4_4&#8243;][et_pb_gallery _builder_version=\u00bb4.27.6&#8243; _module_preset=\u00bbdefault\u00bb hover_enabled=\u00bb0&#8243; sticky_enabled=\u00bb0&#8243; gallery_ids=\u00bb863,864,865,866,867,868,869,870,871,872&#8243; custom_padding=\u00bb||0px|||\u00bb][\/et_pb_gallery][\/et_pb_column][\/et_pb_row][et_pb_row _builder_version=\u00bb4.27.6&#8243; _module_preset=\u00bbdefault\u00bb][et_pb_column _builder_version=\u00bb4.27.6&#8243; _module_preset=\u00bbdefault\u00bb type=\u00bb4_4&#8243;][et_pb_text _builder_version=\u00bb4.27.6&#8243; _module_preset=\u00bbdefault\u00bb hover_enabled=\u00bb0&#8243; sticky_enabled=\u00bb0&#8243; custom_padding=\u00bb0px|||||\u00bb min_height=\u00bb429px\u00bb]<h3 style=\"text-align: justify;\"><b>Objetivo de la actividad<\/b><\/h3>\n<p style=\"text-align: justify;\"><span style=\"font-weight: 400;\">Todas estas propuestas tienen un prop\u00f3sito com\u00fan: <\/span><b>acercar la realidad de la familia profesional de Comercio y Marketing al alumnado del centro<\/b><span style=\"font-weight: 400;\">, de forma l\u00fadica y participativa. A trav\u00e9s de experiencias pr\u00e1cticas, los estudiantes pueden descubrir competencias clave como la creatividad, la comunicaci\u00f3n, el trabajo en equipo, la innovaci\u00f3n y la orientaci\u00f3n al cliente.<\/span><\/p>\n<p style=\"text-align: justify;\"><span style=\"font-weight: 400;\">Adem\u00e1s, estas actividades permiten visibilizar el potencial de nuestros ciclos formativos, despertando el inter\u00e9s de futuros estudiantes y reforzando la importancia de la Formaci\u00f3n Profesional como una opci\u00f3n educativa de calidad, conectada con el entorno laboral y empresarial.<\/span><\/p>\n<p style=\"text-align: justify;\"><span style=\"font-weight: 400;\">En definitiva, el D\u00eda del Centro se consolida como una excelente oportunidad para <\/span><b>promocionar nuestra Familia Profesional<\/b><span style=\"font-weight: 400;\">, mostrando de forma cercana, din\u00e1mica y atractiva todo lo que el Departamento de Comercio y Marketing puede ofrecer.<\/span><\/p>[\/et_pb_text][\/et_pb_column][\/et_pb_row][\/et_pb_section]\n","protected":false},"excerpt":{"rendered":"<p>Por Departamento de la Familia Profesional de Comercio y Marketing. El pasado 26 de marzo celebramos en nuestro Centro educativo una de las jornadas m\u00e1s esperadas del curso: el D\u00eda del Centro. Como cada a\u00f1o, desde el Departamento de Comercio y Marketing, se organizaron diversas actividades de dinamizaci\u00f3n en el Aula ATECA, con un objetivo [&hellip;]<\/p>\n","protected":false},"author":1,"featured_media":853,"comment_status":"open","ping_status":"open","sticky":false,"template":"","format":"standard","meta":{"_et_pb_use_builder":"on","_et_pb_old_content":"<!-- wp:divi\/placeholder \/-->","_et_gb_content_width":"","footnotes":""},"categories":[1],"tags":[],"class_list":["post-843","post","type-post","status-publish","format-standard","has-post-thumbnail","hentry","category-blog"],"_links":{"self":[{"href":"https:\/\/fp.domingocaceres.es\/index.php\/wp-json\/wp\/v2\/posts\/843","targetHints":{"allow":["GET"]}}],"collection":[{"href":"https:\/\/fp.domingocaceres.es\/index.php\/wp-json\/wp\/v2\/posts"}],"about":[{"href":"https:\/\/fp.domingocaceres.es\/index.php\/wp-json\/wp\/v2\/types\/post"}],"author":[{"embeddable":true,"href":"https:\/\/fp.domingocaceres.es\/index.php\/wp-json\/wp\/v2\/users\/1"}],"replies":[{"embeddable":true,"href":"https:\/\/fp.domingocaceres.es\/index.php\/wp-json\/wp\/v2\/comments?post=843"}],"version-history":[{"count":7,"href":"https:\/\/fp.domingocaceres.es\/index.php\/wp-json\/wp\/v2\/posts\/843\/revisions"}],"predecessor-version":[{"id":887,"href":"https:\/\/fp.domingocaceres.es\/index.php\/wp-json\/wp\/v2\/posts\/843\/revisions\/887"}],"wp:featuredmedia":[{"embeddable":true,"href":"https:\/\/fp.domingocaceres.es\/index.php\/wp-json\/wp\/v2\/media\/853"}],"wp:attachment":[{"href":"https:\/\/fp.domingocaceres.es\/index.php\/wp-json\/wp\/v2\/media?parent=843"}],"wp:term":[{"taxonomy":"category","embeddable":true,"href":"https:\/\/fp.domingocaceres.es\/index.php\/wp-json\/wp\/v2\/categories?post=843"},{"taxonomy":"post_tag","embeddable":true,"href":"https:\/\/fp.domingocaceres.es\/index.php\/wp-json\/wp\/v2\/tags?post=843"}],"curies":[{"name":"wp","href":"https:\/\/api.w.org\/{rel}","templated":true}]}}